{"id":3743,"date":"2025-04-04T18:43:31","date_gmt":"2025-04-04T18:43:31","guid":{"rendered":"https:\/\/tusnoticiasya.com\/?p=3743"},"modified":"2025-04-14T18:44:16","modified_gmt":"2025-04-14T18:44:16","slug":"confirman-la-muerte-del-terrorista-que-asesino-a-la-familia-argentina-bibas","status":"publish","type":"post","link":"https:\/\/tusnoticiasya.com\/index.php\/2025\/04\/04\/confirman-la-muerte-del-terrorista-que-asesino-a-la-familia-argentina-bibas\/","title":{"rendered":"CONFIRMAN LA MUERTE DEL TERRORISTA QUE ASESIN\u00d3 A LA FAMILIA ARGENTINA BIBAS"},"content":{"rendered":"\n<p>Se trata de Muhammad Hassan Awad, comandante del Movimiento Palestino Muhayidin, que mantuvo en cautiverio y finalmente mat\u00f3 a Shiri y sus hijos, Ariel y Kfir Bibas, en la Franja de Gaza<a href=\"https:\/\/www.facebook.com\/sharer.php?u=https%3A%2F%2Fwww.radiosudamericana.com%2Fnota%2Fmundo%2F324932-Confirman-la-muerte-del-terrorista-que-asesino-a-la-familia-argentina-Bibas.htm\" target=\"_blank\" rel=\"noreferrer noopener\"><\/a><\/p>\n\n\n\n<p>Israel confirm\u00f3 este viernes que&nbsp;el Ej\u00e9rcito mat\u00f3 a Muhammad Hassan Awad, el comandante de las Brigadas Muhayidin, ala militar del Movimiento Palestino Muhayidin y vinculada al grupo terrorista Hamas. Se trata del terrorista que&nbsp;asesin\u00f3 a la argentina Shiri y a sus dos hijos, Ariel y Kfir Bibas,&nbsp;mientras permanec\u00edan como rehenes en la Franja de Gaza.<\/p>\n\n\n\n<p>Los ni\u00f1os ten\u00edan&nbsp;nueve meses y cuatro a\u00f1os, respectivamente, cuando fueron secuestrados junto a su mam\u00e1 el 7 de octubre de 2023, durante el brutal asalto de Hamas al kibutz Nir Oz, en el sur de Israel.<\/p>\n\n\n\n<p>En febrero pasado, el Ej\u00e9rcito israel\u00ed confirm\u00f3 la muerte de los dos nenes en cautiverio.&nbsp;\u201cFueron asesinados a sangre fr\u00eda\u201d, declar\u00f3 en ese momento el portavoz de las Fuerzas de Defensa de Israel (FDI), Daniel Hagari. \u201cLos terroristas no les dispararon: los mataron con sus propias manos\u201d, detall\u00f3 el almirante, quien tambi\u00e9n denunci\u00f3 intentos de Hamas por ocultar el crimen.<\/p>\n","protected":false},"excerpt":{"rendered":"<p>Se trata de Muhammad Hassan Awad, comandante del Movimiento Palestino Muhayidin, que mantuvo en cautiverio [&hellip;]<\/p>\n","protected":false},"author":1,"featured_media":3744,"comment_status":"closed","ping_status":"closed","sticky":false,"template":"","format":"standard","meta":{"footnotes":""},"categories":[1],"tags":[],"class_list":["post-3743","post","type-post","status-publish","format-standard","has-post-thumbnail","hentry","category-sin-categoria"],"_links":{"self":[{"href":"https:\/\/tusnoticiasya.com\/index.php\/wp-json\/wp\/v2\/posts\/3743","targetHints":{"allow":["GET"]}}],"collection":[{"href":"https:\/\/tusnoticiasya.com\/index.php\/wp-json\/wp\/v2\/posts"}],"about":[{"href":"https:\/\/tusnoticiasya.com\/index.php\/wp-json\/wp\/v2\/types\/post"}],"author":[{"embeddable":true,"href":"https:\/\/tusnoticiasya.com\/index.php\/wp-json\/wp\/v2\/users\/1"}],"replies":[{"embeddable":true,"href":"https:\/\/tusnoticiasya.com\/index.php\/wp-json\/wp\/v2\/comments?post=3743"}],"version-history":[{"count":1,"href":"https:\/\/tusnoticiasya.com\/index.php\/wp-json\/wp\/v2\/posts\/3743\/revisions"}],"predecessor-version":[{"id":3745,"href":"https:\/\/tusnoticiasya.com\/index.php\/wp-json\/wp\/v2\/posts\/3743\/revisions\/3745"}],"wp:featuredmedia":[{"embeddable":true,"href":"https:\/\/tusnoticiasya.com\/index.php\/wp-json\/wp\/v2\/media\/3744"}],"wp:attachment":[{"href":"https:\/\/tusnoticiasya.com\/index.php\/wp-json\/wp\/v2\/media?parent=3743"}],"wp:term":[{"taxonomy":"category","embeddable":true,"href":"https:\/\/tusnoticiasya.com\/index.php\/wp-json\/wp\/v2\/categories?post=3743"},{"taxonomy":"post_tag","embeddable":true,"href":"https:\/\/tusnoticiasya.com\/index.php\/wp-json\/wp\/v2\/tags?post=3743"}],"curies":[{"name":"wp","href":"https:\/\/api.w.org\/{rel}","templated":true}]}}